{"id":1222,"date":"2025-03-06T10:30:02","date_gmt":"2025-03-06T10:30:02","guid":{"rendered":"https:\/\/simpleservicerh.ch\/?p=1222"},"modified":"2025-04-14T10:05:49","modified_gmt":"2025-04-14T10:05:49","slug":"flexibilite-et-evolution-des-postes-adapter-son-organisation","status":"publish","type":"post","link":"https:\/\/simpleservicerh.ch\/?p=1222","title":{"rendered":"Flexibilit\u00e9 et \u00e9volution des postes : adapter son organisation"},"content":{"rendered":"<h1 data-start=\"1298\" data-end=\"1368\"><strong data-start=\"1300\" data-end=\"1366\">Flexibilit\u00e9 et \u00e9volution des postes : adapter son organisation<\/strong><\/h1>\n<p data-start=\"1369\" data-end=\"1465\">\ud83d\udc49 <em data-start=\"1372\" data-end=\"1463\">Ou comment structurer le changement sans transformer son entreprise en chantier permanent<\/em><\/p>\n<p data-start=\"1467\" data-end=\"1633\">Le monde du travail <strong data-start=\"1487\" data-end=\"1508\">\u00e9volue sans cesse<\/strong>, et une organisation qui <strong data-start=\"1534\" data-end=\"1553\">ne s\u2019adapte pas<\/strong> risque de devenir <strong data-start=\"1572\" data-end=\"1630\">un frein \u00e0 l\u2019innovation et \u00e0 la motivation des \u00e9quipes<\/strong>.<\/p>\n<p data-start=\"1635\" data-end=\"1839\">\ud83d\udccc <strong data-start=\"1638\" data-end=\"1660\">Probl\u00e8me courant :<\/strong><br data-start=\"1660\" data-end=\"1663\" \/>Des fiches de poste <strong data-start=\"1683\" data-end=\"1694\">rigides<\/strong>, des collaborateurs enferm\u00e9s dans des missions d\u00e9finies <strong data-start=\"1751\" data-end=\"1778\">il y a plusieurs ann\u00e9es<\/strong>, et un manque de r\u00e9activit\u00e9 face aux \u00e9volutions du march\u00e9.<\/p>\n<p data-start=\"1841\" data-end=\"2073\">\ud83d\udca1 <strong data-start=\"1844\" data-end=\"1858\">Solution :<\/strong> Adopter une approche <strong data-start=\"1880\" data-end=\"1906\">souple mais structur\u00e9e<\/strong>, inspir\u00e9e des m\u00e9thodes de gestion de projet <strong data-start=\"1951\" data-end=\"1974\">IPMA-Agile et SCRUM<\/strong>, et int\u00e9grer une <strong data-start=\"1992\" data-end=\"2040\">r\u00e9flexion continue sur l\u2019\u00e9volution des r\u00f4les<\/strong> dans les processus RH annuels.<\/p>\n<hr data-start=\"2075\" data-end=\"2078\" \/>\n<h2 data-start=\"2080\" data-end=\"2147\"><strong data-start=\"2083\" data-end=\"2145\">1. Pourquoi adapter ses postes est essentiel aujourd\u2019hui ?<\/strong><\/h2>\n<h3 data-start=\"2149\" data-end=\"2202\"><strong data-start=\"2153\" data-end=\"2200\">\ud83d\udccc Le pi\u00e8ge des fiches de poste trop fig\u00e9es<\/strong><\/h3>\n<p data-start=\"2203\" data-end=\"2442\">Autrefois, les postes \u00e9taient d\u00e9finis <strong data-start=\"2241\" data-end=\"2264\">de mani\u00e8re statique<\/strong>, en fonction des besoins \u00e0 un instant T. Mais aujourd\u2019hui, <strong data-start=\"2324\" data-end=\"2369\">un poste peut rapidement devenir obsol\u00e8te<\/strong> si l\u2019on ne r\u00e9ajuste pas r\u00e9guli\u00e8rement ses missions et responsabilit\u00e9s.<\/p>\n<p data-start=\"2444\" data-end=\"2783\">\ud83d\udccc <strong data-start=\"2447\" data-end=\"2460\">Exemple :<\/strong><br data-start=\"2460\" data-end=\"2463\" \/>Une entreprise industrielle voit l\u2019\u00e9mergence de nouveaux outils digitaux dans son secteur. Pourtant, les fiches de poste de ses techniciens <strong data-start=\"2603\" data-end=\"2657\">n\u2019int\u00e8grent toujours pas ces nouvelles comp\u00e9tences<\/strong>. R\u00e9sultat ? Une baisse de comp\u00e9titivit\u00e9 et des salari\u00e9s qui doivent apprendre sur le tas <strong data-start=\"2747\" data-end=\"2780\">sans accompagnement structur\u00e9<\/strong>.<\/p>\n<p data-start=\"2785\" data-end=\"2893\">\u27a1\ufe0f <strong data-start=\"2788\" data-end=\"2891\">L\u2019enjeu est donc de rendre les postes \u00e9volutifs tout en conservant une coh\u00e9rence organisationnelle.<\/strong><\/p>\n<hr data-start=\"2895\" data-end=\"2898\" \/>\n<h2 data-start=\"2900\" data-end=\"2979\"><strong data-start=\"2903\" data-end=\"2977\">2. Du management par t\u00e2ches au management par projet et responsabilit\u00e9<\/strong><\/h2>\n<h3 data-start=\"2981\" data-end=\"3040\"><strong data-start=\"2985\" data-end=\"3038\">\ud83d\ude80 Management par t\u00e2ches VS Management par projet<\/strong><\/h3>\n<p data-start=\"3042\" data-end=\"3187\">\ud83d\udca1 <strong data-start=\"3045\" data-end=\"3070\">Management par t\u00e2ches<\/strong> \u2192 Un salari\u00e9 a une liste de t\u00e2ches d\u00e9finies et r\u00e9p\u00e9titives \u00e0 ex\u00e9cuter. Peu d\u2019autonomie, peu de prise d\u2019initiative.<\/p>\n<p data-start=\"3189\" data-end=\"3346\">\ud83d\udca1 <strong data-start=\"3192\" data-end=\"3234\">Management par projet \/ responsabilit\u00e9<\/strong> \u2192 Un salari\u00e9 est responsable <strong data-start=\"3264\" data-end=\"3298\">d\u2019un objectif ou d\u2019un livrable<\/strong> et g\u00e8re ses actions avec plus de flexibilit\u00e9.<\/p>\n<p data-start=\"3348\" data-end=\"3598\">\ud83d\udccc <strong data-start=\"3351\" data-end=\"3372\">Exemple concret :<\/strong><br data-start=\"3372\" data-end=\"3375\" \/>\ud83d\udd39 Un responsable administratif en gestion des commandes peut passer d\u2019un mod\u00e8le o\u00f9 il \u00ab\u00a0traite des bons de commande\u00a0\u00bb \u00e0 un mod\u00e8le o\u00f9 il \u00ab\u00a0g\u00e8re l\u2019optimisation du processus de commande pour r\u00e9duire les d\u00e9lais et les erreurs\u00a0\u00bb.<\/p>\n<p data-start=\"3600\" data-end=\"3729\">\u27a1\ufe0f <strong data-start=\"3603\" data-end=\"3633\">Pourquoi c\u2019est important ?<\/strong> Parce qu\u2019un salari\u00e9 qui comprend <strong data-start=\"3667\" data-end=\"3691\">l\u2019impact de son r\u00f4le<\/strong> est <strong data-start=\"3696\" data-end=\"3726\">plus motiv\u00e9 et plus engag\u00e9<\/strong>.<\/p>\n<h3 data-start=\"3731\" data-end=\"3805\"><strong data-start=\"3735\" data-end=\"3803\">\ud83d\udccc Utiliser IPMA-Agile et SCRUM pour structurer cette transition<\/strong><\/h3>\n<p data-start=\"3807\" data-end=\"4085\">\u2714\ufe0f <strong data-start=\"3810\" data-end=\"3824\">IPMA-Agile<\/strong> \u2192 Permet de g\u00e9rer des changements d\u2019organisation <strong data-start=\"3874\" data-end=\"3893\">progressivement<\/strong>, en int\u00e9grant des cycles d\u2019am\u00e9lioration continue.<br data-start=\"3943\" data-end=\"3946\" \/>\u2714\ufe0f <strong data-start=\"3949\" data-end=\"3958\">SCRUM<\/strong> \u2192 Favorise un travail en <strong data-start=\"3984\" data-end=\"4003\">\u00e9quipe autonome<\/strong>, avec des objectifs clairs et des <strong data-start=\"4038\" data-end=\"4059\">revues r\u00e9guli\u00e8res<\/strong> pour ajuster les r\u00f4les.<\/p>\n<p data-start=\"4087\" data-end=\"4338\">\ud83d\udccc <strong data-start=\"4090\" data-end=\"4112\">Mise en pratique :<\/strong><br data-start=\"4112\" data-end=\"4115\" \/>\ud83d\udd39 D\u00e9finir des \u00ab\u00a0sprints RH\u00a0\u00bb pour tester une nouvelle r\u00e9partition des responsabilit\u00e9s sur 3 mois, avec un retour d\u2019exp\u00e9rience \u00e0 chaque \u00e9tape.<br data-start=\"4255\" data-end=\"4258\" \/>\ud83d\udd39 Int\u00e9grer un r\u00e9f\u00e9rent Agile dans les \u00e9quipes pour accompagner la transition.<\/p>\n<hr data-start=\"4340\" data-end=\"4343\" \/>\n<h2 data-start=\"4345\" data-end=\"4421\"><strong data-start=\"4348\" data-end=\"4419\">3. Comment structurer un bilan annuel des missions et comp\u00e9tences ?<\/strong><\/h2>\n<p data-start=\"4423\" data-end=\"4543\">\ud83d\udce2 <strong data-start=\"4426\" data-end=\"4440\">Objectif :<\/strong> \u00c9valuer l\u2019ad\u00e9quation entre les missions actuelles des collaborateurs et les besoins de l\u2019entreprise.<\/p>\n<h3 data-start=\"4545\" data-end=\"4621\"><strong data-start=\"4549\" data-end=\"4619\">\ud83d\udd39 Cr\u00e9ation d\u2019un sondage d\u2019auto-\u00e9valuation pour les collaborateurs<\/strong><\/h3>\n<p data-start=\"4623\" data-end=\"5003\"><strong data-start=\"4623\" data-end=\"4654\">Exemple de questions cl\u00e9s :<\/strong><br data-start=\"4654\" data-end=\"4657\" \/>\u2714\ufe0f \u00ab\u00a0Quelles missions de votre poste sont les plus impactantes aujourd\u2019hui ?\u00a0\u00bb<br data-start=\"4733\" data-end=\"4736\" \/>\u2714\ufe0f \u00ab\u00a0Quelles missions vous semblent obsol\u00e8tes ou inefficaces ?\u00a0\u00bb<br data-start=\"4798\" data-end=\"4801\" \/>\u2714\ufe0f \u00ab\u00a0Avez-vous d\u00e9velopp\u00e9 des comp\u00e9tences non exploit\u00e9es dans votre poste actuel ?\u00a0\u00bb<br data-start=\"4882\" data-end=\"4885\" \/>\u2714\ufe0f \u00ab\u00a0Quels domaines aimeriez-vous explorer dans l\u2019entreprise ?\u00a0\u00bb<br data-start=\"4947\" data-end=\"4950\" \/>\u2714\ufe0f \u00ab\u00a0Quels freins rencontrez-vous dans votre r\u00f4le ?\u00a0\u00bb<\/p>\n<p data-start=\"5005\" data-end=\"5257\">\ud83d\udccc <strong data-start=\"5008\" data-end=\"5033\">M\u00e9thode recommand\u00e9e :<\/strong><br data-start=\"5033\" data-end=\"5036\" \/>\u2714\ufe0f <strong data-start=\"5039\" data-end=\"5098\">Diffuser ce sondage 1 mois avant les entretiens annuels<\/strong>.<br data-start=\"5099\" data-end=\"5102\" \/>\u2714\ufe0f <strong data-start=\"5105\" data-end=\"5143\">Analyser les tendances par service<\/strong> pour identifier les besoins communs.<br data-start=\"5180\" data-end=\"5183\" \/>\u2714\ufe0f <strong data-start=\"5186\" data-end=\"5255\">Utiliser les r\u00e9sultats pour ajuster les r\u00f4les et responsabilit\u00e9s.<\/strong><\/p>\n<p data-start=\"5259\" data-end=\"5358\">\u27a1\ufe0f <strong data-start=\"5262\" data-end=\"5356\">Un bon bilan des missions permet d\u2019adapter les postes de mani\u00e8re progressive et ma\u00eetris\u00e9e.<\/strong><\/p>\n<hr data-start=\"5360\" data-end=\"5363\" \/>\n<h2 data-start=\"5365\" data-end=\"5428\"><strong data-start=\"5368\" data-end=\"5426\">4. Quels outils RH pour accompagner cette transition ?<\/strong><\/h2>\n<p data-start=\"5430\" data-end=\"5477\">\ud83d\udce2 <strong data-start=\"5433\" data-end=\"5473\">Outils d\u00e9j\u00e0 disponibles et \u00e0 adapter<\/strong> :<\/p>\n<p data-start=\"5479\" data-end=\"5902\">\u2714\ufe0f <strong data-start=\"5482\" data-end=\"5534\">Fixation des objectifs individuels et collectifs<\/strong> \u2192 Red\u00e9finir les missions dans une logique de <strong data-start=\"5580\" data-end=\"5620\">responsabilit\u00e9 et non plus de t\u00e2ches<\/strong>.<br data-start=\"5621\" data-end=\"5624\" \/>\u2714\ufe0f <strong data-start=\"5627\" data-end=\"5687\">\u00c9valuation des performances individuelles et collectives<\/strong> \u2192 Int\u00e9grer un crit\u00e8re sur <strong data-start=\"5714\" data-end=\"5757\">l\u2019adaptabilit\u00e9 et la prise d\u2019initiative<\/strong>.<br data-start=\"5758\" data-end=\"5761\" \/>\u2714\ufe0f <strong data-start=\"5764\" data-end=\"5818\">Entretiens de suivi et auto-\u00e9valuation des \u00e9quipes<\/strong> \u2192 V\u00e9rifier l\u2019impact des ajustements de postes sur l\u2019engagement et la performance.<\/p>\n<p data-start=\"5904\" data-end=\"6174\">\ud83d\udccc <strong data-start=\"5907\" data-end=\"5932\">Outils \u00e0 d\u00e9velopper :<\/strong><br data-start=\"5932\" data-end=\"5935\" \/>\u2714\ufe0f <strong data-start=\"5938\" data-end=\"5977\">Un framework d\u2019\u00e9volution des postes<\/strong> \u2192 D\u00e9finir des crit\u00e8res clairs pour les ajustements de missions.<br data-start=\"6041\" data-end=\"6044\" \/>\u2714\ufe0f <strong data-start=\"6047\" data-end=\"6103\">Un mod\u00e8le d\u2019\u00e9valuation de la flexibilit\u00e9 des \u00e9quipes<\/strong> \u2192 Analyser la capacit\u00e9 des collaborateurs \u00e0 \u00e9voluer dans leur poste.<\/p>\n<hr data-start=\"6176\" data-end=\"6179\" \/>\n<h2 data-start=\"6181\" data-end=\"6226\"><strong data-start=\"6184\" data-end=\"6224\">5. Quand effectuer ces changements ?<\/strong><\/h2>\n<p data-start=\"6228\" data-end=\"6292\">\ud83d\udce2 <strong data-start=\"6231\" data-end=\"6290\">Int\u00e9grer la r\u00e9vision des postes aux cycles RH existants<\/strong><\/p>\n<p data-start=\"6294\" data-end=\"6654\">\ud83d\udccc <strong data-start=\"6297\" data-end=\"6324\">Calendrier recommand\u00e9 :<\/strong><br data-start=\"6324\" data-end=\"6327\" \/>\u2714\ufe0f <strong data-start=\"6330\" data-end=\"6376\">Janvier &#8211; D\u00e9finition des objectifs annuels<\/strong> \u2192 Int\u00e9grer la flexibilit\u00e9 et la gestion par projet.<br data-start=\"6428\" data-end=\"6431\" \/>\u2714\ufe0f <strong data-start=\"6434\" data-end=\"6464\">Juin &#8211; Revue semi-annuelle<\/strong> \u2192 Ajuster les responsabilit\u00e9s selon l\u2019\u00e9volution des besoins.<br data-start=\"6525\" data-end=\"6528\" \/>\u2714\ufe0f <strong data-start=\"6531\" data-end=\"6593\">Novembre &#8211; \u00c9valuation annuelle des missions et comp\u00e9tences<\/strong> \u2192 Adapter les fiches de poste et anticiper les besoins RH.<\/p>\n<p data-start=\"6656\" data-end=\"6749\">\u27a1\ufe0f <strong data-start=\"6659\" data-end=\"6747\">Un changement bien rythm\u00e9 \u00e9vite les r\u00e9sistances et assure une transition en douceur.<\/strong><\/p>\n<hr data-start=\"6751\" data-end=\"6754\" \/>\n<h2 data-start=\"6756\" data-end=\"6825\"><strong data-start=\"6759\" data-end=\"6823\">Conclusion : Vers une organisation plus flexible et efficace<\/strong><\/h2>\n<p data-start=\"6827\" data-end=\"6933\">\ud83d\udca1 <strong data-start=\"6830\" data-end=\"6931\">L\u2019adaptation des postes n\u2019est pas un luxe, mais une n\u00e9cessit\u00e9 pour les entreprises en croissance.<\/strong><\/p>\n<p data-start=\"6935\" data-end=\"7271\">\u2714\ufe0f <strong data-start=\"6938\" data-end=\"7011\">Passer d\u2019un management par t\u00e2ches \u00e0 un management par responsabilit\u00e9.<\/strong><br data-start=\"7011\" data-end=\"7014\" \/>\u2714\ufe0f <strong data-start=\"7017\" data-end=\"7095\">Utiliser des m\u00e9thodes agiles (IPMA, SCRUM) pour structurer la flexibilit\u00e9.<\/strong><br data-start=\"7095\" data-end=\"7098\" \/>\u2714\ufe0f <strong data-start=\"7101\" data-end=\"7177\">Int\u00e9grer un bilan annuel des missions et comp\u00e9tences dans les cycles RH.<\/strong><br data-start=\"7177\" data-end=\"7180\" \/>\u2714\ufe0f <strong data-start=\"7183\" data-end=\"7269\">D\u00e9velopper des outils RH adapt\u00e9s pour suivre et accompagner l\u2019\u00e9volution des r\u00f4les.<\/strong><\/p>\n<p data-start=\"7273\" data-end=\"7596\">\ud83d\ude80 <strong data-start=\"7276\" data-end=\"7361\">Besoin d\u2019un accompagnement pour structurer la flexibilit\u00e9 de votre organisation ?<\/strong><br data-start=\"7361\" data-end=\"7364\" \/>\ud83d\udce9 <strong data-start=\"7367\" data-end=\"7386\">Contactez-moi :<\/strong> <a rel=\"noopener\" data-start=\"7387\" data-end=\"7456\">yan.grobel@simpleservicerh.ch<\/a><br data-start=\"7456\" data-end=\"7459\" \/>\ud83d\udce2 <strong data-start=\"7462\" data-end=\"7505\">Suivez Simple Service RH sur LinkedIn :<\/strong> <a href=\"https:\/\/www.linkedin.com\/company\/simpleservicerh\/?viewAsMember=true\" target=\"_new\" rel=\"noopener\" data-start=\"7506\" data-end=\"7594\">Simple Service RH<\/a><\/p>\n<blockquote class=\"wp-embedded-content\" data-secret=\"S6lt237WdB\"><p><a href=\"https:\/\/simpleservicerh.ch\/?page_id=1224\">Sondage Auto-\u00e9valuation des missions et comp\u00e9tences<\/a><\/p><\/blockquote>\n<p><iframe class=\"wp-embedded-content\" sandbox=\"allow-scripts\" security=\"restricted\" style=\"position: absolute; visibility: hidden;\" title=\"\u00ab\u00a0Sondage Auto-\u00e9valuation des missions et comp\u00e9tences\u00a0\u00bb &#8212; Simple Service RH\" src=\"https:\/\/simpleservicerh.ch\/?page_id=1224&#038;embed=true#?secret=OoSU5n9RJ0#?secret=S6lt237WdB\" data-secret=\"S6lt237WdB\" width=\"500\" height=\"282\" frameborder=\"0\" marginwidth=\"0\" marginheight=\"0\" scrolling=\"no\"><\/iframe><\/p>\n<p>&nbsp;<\/p>\n","protected":false},"excerpt":{"rendered":"<p>Flexibilit\u00e9 et \u00e9volution des postes : adapter son organisation \ud83d\udc49 Ou comment structurer le changement sans transformer son entreprise en chantier permanent Le monde du travail \u00e9volue sans cesse, et une organisation qui ne s\u2019adapte pas risque de devenir un frein \u00e0 l\u2019innovation et \u00e0 la motivation des \u00e9quipes. \ud83d\udccc Probl\u00e8me courant :Des fiches de [&hellip;]<\/p>\n","protected":false},"author":1,"featured_media":0,"comment_status":"open","ping_status":"closed","sticky":false,"template":"","format":"standard","meta":{"_crdt_document":"","om_disable_all_campaigns":false,"_monsterinsights_skip_tracking":false,"_uf_show_specific_survey":0,"_uf_disable_surveys":false,"_jetpack_newsletter_access":"","_jetpack_dont_email_post_to_subs":false,"_jetpack_newsletter_tier_id":0,"_jetpack_memberships_contains_paywalled_content":false,"_jetpack_feature_clip_id":0,"_jetpack_memberships_contains_paid_content":false,"footnotes":"","jetpack_post_was_ever_published":false},"categories":[8],"tags":[],"class_list":["post-1222","post","type-post","status-publish","format-standard","hentry","category-article-rh"],"yoast_head":"<!-- This site is optimized with the Yoast SEO plugin v28.3 - https:\/\/yoast.com\/product\/yoast-seo-wordpress\/ -->\n<title>Flexibilit\u00e9 et \u00e9volution des postes : adapter son organisation - Simple Service RH<\/title>\n<meta name=\"robots\" content=\"index, follow, max-snippet:-1, max-image-preview:large, max-video-preview:-1\" \/>\n<link rel=\"canonical\" href=\"https:\/\/simpleservicerh.ch\/?p=1222\" \/>\n<meta property=\"og:locale\" content=\"fr_FR\" \/>\n<meta property=\"og:type\" content=\"article\" \/>\n<meta property=\"og:title\" content=\"Flexibilit\u00e9 et \u00e9volution des postes : adapter son organisation - Simple Service RH\" \/>\n<meta property=\"og:description\" content=\"Flexibilit\u00e9 et \u00e9volution des postes : adapter son organisation \ud83d\udc49 Ou comment structurer le changement sans transformer son entreprise en chantier permanent Le monde du travail \u00e9volue sans cesse, et une organisation qui ne s\u2019adapte pas risque de devenir un frein \u00e0 l\u2019innovation et \u00e0 la motivation des \u00e9quipes. \ud83d\udccc Probl\u00e8me courant :Des fiches de [&hellip;]\" \/>\n<meta property=\"og:url\" content=\"https:\/\/simpleservicerh.ch\/?p=1222\" \/>\n<meta property=\"og:site_name\" content=\"Simple Service RH\" \/>\n<meta property=\"article:published_time\" content=\"2025-03-06T10:30:02+00:00\" \/>\n<meta property=\"article:modified_time\" content=\"2025-04-14T10:05:49+00:00\" \/>\n<meta property=\"og:image\" content=\"https:\/\/simpleservicerh.ch\/wp-content\/uploads\/2024\/10\/DALL\u00b7E-2024-10-11-09.25.07-Create-a-simple-and-professional-logo-icon-without-text-for-a-company-providing-HR-services.-The-icon-should-be-modern-and-minimalist-using-shades-of.webp\" \/>\n\t<meta property=\"og:image:width\" content=\"1024\" \/>\n\t<meta property=\"og:image:height\" content=\"1024\" \/>\n\t<meta property=\"og:image:type\" content=\"image\/webp\" \/>\n<meta name=\"author\" content=\"admin\" \/>\n<meta name=\"twitter:card\" content=\"summary_large_image\" \/>\n<meta name=\"twitter:label1\" content=\"\u00c9crit par\" \/>\n\t<meta name=\"twitter:data1\" content=\"admin\" \/>\n\t<meta name=\"twitter:label2\" content=\"Dur\u00e9e de lecture estim\u00e9e\" \/>\n\t<meta name=\"twitter:data2\" content=\"5 minutes\" \/>\n<script type=\"application\/ld+json\" class=\"yoast-schema-graph\">{\"@context\":\"https:\\\/\\\/schema.org\",\"@graph\":[{\"@type\":\"Article\",\"@id\":\"https:\\\/\\\/simpleservicerh.ch\\\/?p=1222#article\",\"isPartOf\":{\"@id\":\"https:\\\/\\\/simpleservicerh.ch\\\/?p=1222\"},\"author\":{\"name\":\"admin\",\"@id\":\"https:\\\/\\\/simpleservicerh.ch\\\/#\\\/schema\\\/person\\\/fbb0531d6254eed7eea0558b8ec3b847\"},\"headline\":\"Flexibilit\u00e9 et \u00e9volution des postes : adapter son organisation\",\"datePublished\":\"2025-03-06T10:30:02+00:00\",\"dateModified\":\"2025-04-14T10:05:49+00:00\",\"mainEntityOfPage\":{\"@id\":\"https:\\\/\\\/simpleservicerh.ch\\\/?p=1222\"},\"wordCount\":924,\"commentCount\":0,\"publisher\":{\"@id\":\"https:\\\/\\\/simpleservicerh.ch\\\/#organization\"},\"articleSection\":[\"Article RH\"],\"inLanguage\":\"fr-FR\",\"potentialAction\":[{\"@type\":\"CommentAction\",\"name\":\"Comment\",\"target\":[\"https:\\\/\\\/simpleservicerh.ch\\\/?p=1222#respond\"]}]},{\"@type\":\"WebPage\",\"@id\":\"https:\\\/\\\/simpleservicerh.ch\\\/?p=1222\",\"url\":\"https:\\\/\\\/simpleservicerh.ch\\\/?p=1222\",\"name\":\"Flexibilit\u00e9 et \u00e9volution des postes : adapter son organisation - Simple Service RH\",\"isPartOf\":{\"@id\":\"https:\\\/\\\/simpleservicerh.ch\\\/#website\"},\"datePublished\":\"2025-03-06T10:30:02+00:00\",\"dateModified\":\"2025-04-14T10:05:49+00:00\",\"breadcrumb\":{\"@id\":\"https:\\\/\\\/simpleservicerh.ch\\\/?p=1222#breadcrumb\"},\"inLanguage\":\"fr-FR\",\"potentialAction\":[{\"@type\":\"ReadAction\",\"target\":[\"https:\\\/\\\/simpleservicerh.ch\\\/?p=1222\"]}]},{\"@type\":\"BreadcrumbList\",\"@id\":\"https:\\\/\\\/simpleservicerh.ch\\\/?p=1222#breadcrumb\",\"itemListElement\":[{\"@type\":\"ListItem\",\"position\":1,\"name\":\"Accueil\",\"item\":\"https:\\\/\\\/simpleservicerh.ch\\\/\"},{\"@type\":\"ListItem\",\"position\":2,\"name\":\"Flexibilit\u00e9 et \u00e9volution des postes : adapter son organisation\"}]},{\"@type\":\"WebSite\",\"@id\":\"https:\\\/\\\/simpleservicerh.ch\\\/#website\",\"url\":\"https:\\\/\\\/simpleservicerh.ch\\\/\",\"name\":\"Simple Service RH\",\"description\":\"Simplicit\u00e9. Efficacit\u00e9. Proximit\u00e9.\",\"publisher\":{\"@id\":\"https:\\\/\\\/simpleservicerh.ch\\\/#organization\"},\"potentialAction\":[{\"@type\":\"SearchAction\",\"target\":{\"@type\":\"EntryPoint\",\"urlTemplate\":\"https:\\\/\\\/simpleservicerh.ch\\\/?s={search_term_string}\"},\"query-input\":{\"@type\":\"PropertyValueSpecification\",\"valueRequired\":true,\"valueName\":\"search_term_string\"}}],\"inLanguage\":\"fr-FR\"},{\"@type\":\"Organization\",\"@id\":\"https:\\\/\\\/simpleservicerh.ch\\\/#organization\",\"name\":\"Simple Service RH\",\"url\":\"https:\\\/\\\/simpleservicerh.ch\\\/\",\"logo\":{\"@type\":\"ImageObject\",\"inLanguage\":\"fr-FR\",\"@id\":\"https:\\\/\\\/simpleservicerh.ch\\\/#\\\/schema\\\/logo\\\/image\\\/\",\"url\":\"https:\\\/\\\/simpleservicerh.ch\\\/wp-content\\\/uploads\\\/2024\\\/10\\\/DALL\u00b7E-2024-10-11-09.25.07-Create-a-simple-and-professional-logo-icon-without-text-for-a-company-providing-HR-services.-The-icon-should-be-modern-and-minimalist-using-shades-of.webp\",\"contentUrl\":\"https:\\\/\\\/simpleservicerh.ch\\\/wp-content\\\/uploads\\\/2024\\\/10\\\/DALL\u00b7E-2024-10-11-09.25.07-Create-a-simple-and-professional-logo-icon-without-text-for-a-company-providing-HR-services.-The-icon-should-be-modern-and-minimalist-using-shades-of.webp\",\"width\":1024,\"height\":1024,\"caption\":\"Simple Service RH\"},\"image\":{\"@id\":\"https:\\\/\\\/simpleservicerh.ch\\\/#\\\/schema\\\/logo\\\/image\\\/\"},\"sameAs\":[\"https:\\\/\\\/www.linkedin.com\\\/company\\\/simpleservicerh\\\/\"]},{\"@type\":\"Person\",\"@id\":\"https:\\\/\\\/simpleservicerh.ch\\\/#\\\/schema\\\/person\\\/fbb0531d6254eed7eea0558b8ec3b847\",\"name\":\"admin\",\"image\":{\"@type\":\"ImageObject\",\"inLanguage\":\"fr-FR\",\"@id\":\"https:\\\/\\\/secure.gravatar.com\\\/avatar\\\/546cb87a3b903ec2c90c493a8a3d6fd587e5aa5204f6137531d1603967cd8db8?s=96&d=mm&r=g\",\"url\":\"https:\\\/\\\/secure.gravatar.com\\\/avatar\\\/546cb87a3b903ec2c90c493a8a3d6fd587e5aa5204f6137531d1603967cd8db8?s=96&d=mm&r=g\",\"contentUrl\":\"https:\\\/\\\/secure.gravatar.com\\\/avatar\\\/546cb87a3b903ec2c90c493a8a3d6fd587e5aa5204f6137531d1603967cd8db8?s=96&d=mm&r=g\",\"caption\":\"admin\"},\"sameAs\":[\"https:\\\/\\\/simpleservicerh.ch\"],\"url\":\"https:\\\/\\\/simpleservicerh.ch\\\/?author=1\"}]}<\/script>\n<!-- \/ Yoast SEO plugin. -->","yoast_head_json":{"title":"Flexibilit\u00e9 et \u00e9volution des postes : adapter son organisation - Simple Service RH","robots":{"index":"index","follow":"follow","max-snippet":"max-snippet:-1","max-image-preview":"max-image-preview:large","max-video-preview":"max-video-preview:-1"},"canonical":"https:\/\/simpleservicerh.ch\/?p=1222","og_locale":"fr_FR","og_type":"article","og_title":"Flexibilit\u00e9 et \u00e9volution des postes : adapter son organisation - Simple Service RH","og_description":"Flexibilit\u00e9 et \u00e9volution des postes : adapter son organisation \ud83d\udc49 Ou comment structurer le changement sans transformer son entreprise en chantier permanent Le monde du travail \u00e9volue sans cesse, et une organisation qui ne s\u2019adapte pas risque de devenir un frein \u00e0 l\u2019innovation et \u00e0 la motivation des \u00e9quipes. \ud83d\udccc Probl\u00e8me courant :Des fiches de [&hellip;]","og_url":"https:\/\/simpleservicerh.ch\/?p=1222","og_site_name":"Simple Service RH","article_published_time":"2025-03-06T10:30:02+00:00","article_modified_time":"2025-04-14T10:05:49+00:00","og_image":[{"width":1024,"height":1024,"url":"https:\/\/simpleservicerh.ch\/wp-content\/uploads\/2024\/10\/DALL\u00b7E-2024-10-11-09.25.07-Create-a-simple-and-professional-logo-icon-without-text-for-a-company-providing-HR-services.-The-icon-should-be-modern-and-minimalist-using-shades-of.webp","type":"image\/webp"}],"author":"admin","twitter_card":"summary_large_image","twitter_misc":{"\u00c9crit par":"admin","Dur\u00e9e de lecture estim\u00e9e":"5 minutes"},"schema":{"@context":"https:\/\/schema.org","@graph":[{"@type":"Article","@id":"https:\/\/simpleservicerh.ch\/?p=1222#article","isPartOf":{"@id":"https:\/\/simpleservicerh.ch\/?p=1222"},"author":{"name":"admin","@id":"https:\/\/simpleservicerh.ch\/#\/schema\/person\/fbb0531d6254eed7eea0558b8ec3b847"},"headline":"Flexibilit\u00e9 et \u00e9volution des postes : adapter son organisation","datePublished":"2025-03-06T10:30:02+00:00","dateModified":"2025-04-14T10:05:49+00:00","mainEntityOfPage":{"@id":"https:\/\/simpleservicerh.ch\/?p=1222"},"wordCount":924,"commentCount":0,"publisher":{"@id":"https:\/\/simpleservicerh.ch\/#organization"},"articleSection":["Article RH"],"inLanguage":"fr-FR","potentialAction":[{"@type":"CommentAction","name":"Comment","target":["https:\/\/simpleservicerh.ch\/?p=1222#respond"]}]},{"@type":"WebPage","@id":"https:\/\/simpleservicerh.ch\/?p=1222","url":"https:\/\/simpleservicerh.ch\/?p=1222","name":"Flexibilit\u00e9 et \u00e9volution des postes : adapter son organisation - Simple Service RH","isPartOf":{"@id":"https:\/\/simpleservicerh.ch\/#website"},"datePublished":"2025-03-06T10:30:02+00:00","dateModified":"2025-04-14T10:05:49+00:00","breadcrumb":{"@id":"https:\/\/simpleservicerh.ch\/?p=1222#breadcrumb"},"inLanguage":"fr-FR","potentialAction":[{"@type":"ReadAction","target":["https:\/\/simpleservicerh.ch\/?p=1222"]}]},{"@type":"BreadcrumbList","@id":"https:\/\/simpleservicerh.ch\/?p=1222#breadcrumb","itemListElement":[{"@type":"ListItem","position":1,"name":"Accueil","item":"https:\/\/simpleservicerh.ch\/"},{"@type":"ListItem","position":2,"name":"Flexibilit\u00e9 et \u00e9volution des postes : adapter son organisation"}]},{"@type":"WebSite","@id":"https:\/\/simpleservicerh.ch\/#website","url":"https:\/\/simpleservicerh.ch\/","name":"Simple Service RH","description":"Simplicit\u00e9. Efficacit\u00e9. Proximit\u00e9.","publisher":{"@id":"https:\/\/simpleservicerh.ch\/#organization"},"potentialAction":[{"@type":"SearchAction","target":{"@type":"EntryPoint","urlTemplate":"https:\/\/simpleservicerh.ch\/?s={search_term_string}"},"query-input":{"@type":"PropertyValueSpecification","valueRequired":true,"valueName":"search_term_string"}}],"inLanguage":"fr-FR"},{"@type":"Organization","@id":"https:\/\/simpleservicerh.ch\/#organization","name":"Simple Service RH","url":"https:\/\/simpleservicerh.ch\/","logo":{"@type":"ImageObject","inLanguage":"fr-FR","@id":"https:\/\/simpleservicerh.ch\/#\/schema\/logo\/image\/","url":"https:\/\/simpleservicerh.ch\/wp-content\/uploads\/2024\/10\/DALL\u00b7E-2024-10-11-09.25.07-Create-a-simple-and-professional-logo-icon-without-text-for-a-company-providing-HR-services.-The-icon-should-be-modern-and-minimalist-using-shades-of.webp","contentUrl":"https:\/\/simpleservicerh.ch\/wp-content\/uploads\/2024\/10\/DALL\u00b7E-2024-10-11-09.25.07-Create-a-simple-and-professional-logo-icon-without-text-for-a-company-providing-HR-services.-The-icon-should-be-modern-and-minimalist-using-shades-of.webp","width":1024,"height":1024,"caption":"Simple Service RH"},"image":{"@id":"https:\/\/simpleservicerh.ch\/#\/schema\/logo\/image\/"},"sameAs":["https:\/\/www.linkedin.com\/company\/simpleservicerh\/"]},{"@type":"Person","@id":"https:\/\/simpleservicerh.ch\/#\/schema\/person\/fbb0531d6254eed7eea0558b8ec3b847","name":"admin","image":{"@type":"ImageObject","inLanguage":"fr-FR","@id":"https:\/\/secure.gravatar.com\/avatar\/546cb87a3b903ec2c90c493a8a3d6fd587e5aa5204f6137531d1603967cd8db8?s=96&d=mm&r=g","url":"https:\/\/secure.gravatar.com\/avatar\/546cb87a3b903ec2c90c493a8a3d6fd587e5aa5204f6137531d1603967cd8db8?s=96&d=mm&r=g","contentUrl":"https:\/\/secure.gravatar.com\/avatar\/546cb87a3b903ec2c90c493a8a3d6fd587e5aa5204f6137531d1603967cd8db8?s=96&d=mm&r=g","caption":"admin"},"sameAs":["https:\/\/simpleservicerh.ch"],"url":"https:\/\/simpleservicerh.ch\/?author=1"}]}},"jetpack_sharing_enabled":true,"jetpack_featured_media_url":"","_links":{"self":[{"href":"https:\/\/simpleservicerh.ch\/index.php?rest_route=\/wp\/v2\/posts\/1222","targetHints":{"allow":["GET"]}}],"collection":[{"href":"https:\/\/simpleservicerh.ch\/index.php?rest_route=\/wp\/v2\/posts"}],"about":[{"href":"https:\/\/simpleservicerh.ch\/index.php?rest_route=\/wp\/v2\/types\/post"}],"author":[{"embeddable":true,"href":"https:\/\/simpleservicerh.ch\/index.php?rest_route=\/wp\/v2\/users\/1"}],"replies":[{"embeddable":true,"href":"https:\/\/simpleservicerh.ch\/index.php?rest_route=%2Fwp%2Fv2%2Fcomments&post=1222"}],"version-history":[{"count":2,"href":"https:\/\/simpleservicerh.ch\/index.php?rest_route=\/wp\/v2\/posts\/1222\/revisions"}],"predecessor-version":[{"id":1236,"href":"https:\/\/simpleservicerh.ch\/index.php?rest_route=\/wp\/v2\/posts\/1222\/revisions\/1236"}],"wp:attachment":[{"href":"https:\/\/simpleservicerh.ch\/index.php?rest_route=%2Fwp%2Fv2%2Fmedia&parent=1222"}],"wp:term":[{"taxonomy":"category","embeddable":true,"href":"https:\/\/simpleservicerh.ch\/index.php?rest_route=%2Fwp%2Fv2%2Fcategories&post=1222"},{"taxonomy":"post_tag","embeddable":true,"href":"https:\/\/simpleservicerh.ch\/index.php?rest_route=%2Fwp%2Fv2%2Ftags&post=1222"}],"curies":[{"name":"wp","href":"https:\/\/api.w.org\/{rel}","templated":true}]}}