{"id":1262,"date":"2025-03-10T13:27:14","date_gmt":"2025-03-10T13:27:14","guid":{"rendered":"https:\/\/simpleservicerh.ch\/?p=1262"},"modified":"2025-04-14T10:05:49","modified_gmt":"2025-04-14T10:05:49","slug":"les-competences-dun-manager-vs-les-competences-dun-leader-ce-que-lon-peut-attendre-de-chaques-roles","status":"publish","type":"post","link":"https:\/\/simpleservicerh.ch\/?p=1262","title":{"rendered":"Les comp\u00e9tences d&rsquo;un manager vs les comp\u00e9tences d&rsquo;un leader &#8211; ce que l&rsquo;on peut attendre de chaques r\u00f4les"},"content":{"rendered":"<p>\ud83d\udc49 Ou comment ne pas confondre gestion d&rsquo;\u00e9quipe et leadership charismatique<\/p>\n<p>Manager ou Leader ? Deux figures incontournables en entreprise qui, bien que souvent confondues, n&rsquo;ont pas les m\u00eames missions, ni les m\u00eames comp\u00e9tences. Mais comment les diff\u00e9rencier ? Et surtout, que peut-on attendre de chacun dans une organisation ?<\/p>\n<p>Plongeons dans un match au sommet entre ces deux r\u00f4les cl\u00e9s, avec des exemples concrets, un soup\u00e7on d&rsquo;humour et un tableau r\u00e9capitulatif pour trancher une bonne fois pour toutes !<\/p>\n<div>\n<hr \/>\n<\/div>\n<h2>1. Manager et Leader : Qui fait quoi exactement ?<\/h2>\n<p>\ud83d\udccc <strong>Le Manager : l\u2019architecte de l\u2019organisation<\/strong><\/p>\n<p>Le manager, c&rsquo;est celui qui structure, organise et optimise. Il veille \u00e0 ce que tout fonctionne comme une horloge suisse (ou presque). Il g\u00e8re des \u00e9quipes, suit des objectifs et s&rsquo;assure que chacun est \u00e0 sa place.<\/p>\n<p>\ud83d\udccc <strong>Le Leader : l\u2019inspirateur de l\u2019avenir<\/strong><\/p>\n<p>Le leader, lui, ne se contente pas de faire tourner la machine, il r\u00eave d\u2019en construire une meilleure. Il donne du sens, motive, et pousse ses \u00e9quipes \u00e0 se transcender. Il n\u2019impose pas : il embarque.<\/p>\n<p>\ud83d\udccc <strong>Exemple concret<\/strong> :<\/p>\n<ul data-spread=\"false\">\n<li><strong>Le Manager<\/strong> : \u00ab\u00a0Nous devons livrer ce projet en respectant les d\u00e9lais et les budgets. Voici le plan d&rsquo;action.\u00a0\u00bb<\/li>\n<li><strong>Le Leader<\/strong> : \u00ab\u00a0Imaginez si nous pouvions r\u00e9volutionner la mani\u00e8re dont nous g\u00e9rons ce projet ? Quels changements proposeriez-vous ?\u00a0\u00bb<\/li>\n<\/ul>\n<p>\u27a1\ufe0f <strong>En r\u00e9sum\u00e9 ?<\/strong> Un manager g\u00e8re l&rsquo;existant, un leader cr\u00e9e le futur.<\/p>\n<div>\n<hr \/>\n<\/div>\n<h2>2. Comp\u00e9tences cl\u00e9s : qui excelle dans quoi ?<\/h2>\n<table>\n<tbody>\n<tr>\n<th><strong>Comp\u00e9tences<\/strong><\/th>\n<th><strong>Manager<\/strong> \u2705<\/th>\n<th><strong>Leader<\/strong> \ud83d\ude80<\/th>\n<\/tr>\n<tr>\n<td>Planification et organisation<\/td>\n<td>\u2705 Ma\u00eetre de la to-do list<\/td>\n<td>\u274c Trop d&rsquo;id\u00e9es pour en suivre une seule<\/td>\n<\/tr>\n<tr>\n<td>Gestion des conflits<\/td>\n<td>\u2705 Encadre et arbitre<\/td>\n<td>\u2705 Inspire une r\u00e9solution collaborative<\/td>\n<\/tr>\n<tr>\n<td>Vision strat\u00e9gique<\/td>\n<td>\u274c Court terme<\/td>\n<td>\u2705 Long terme<\/td>\n<\/tr>\n<tr>\n<td>Prise de d\u00e9cision<\/td>\n<td>\u2705 Bas\u00e9e sur les faits et donn\u00e9es<\/td>\n<td>\u2705 Bas\u00e9e sur l&rsquo;intuition et l&rsquo;impact<\/td>\n<\/tr>\n<tr>\n<td>Communication<\/td>\n<td>\u2705 Directive et claire<\/td>\n<td>\u2705 Inspirante et engageante<\/td>\n<\/tr>\n<tr>\n<td>Innovation<\/td>\n<td>\u274c Applique les processus<\/td>\n<td>\u2705 Pense en dehors du cadre<\/td>\n<\/tr>\n<tr>\n<td>Engagement des \u00e9quipes<\/td>\n<td>\u2705 Par des objectifs et KPI<\/td>\n<td>\u2705 Par le sens et la motivation<\/td>\n<\/tr>\n<\/tbody>\n<\/table>\n<p>\ud83d\udccc <strong>Exemple concret<\/strong> : Lors d\u2019une crise interne, le manager va structurer une solution rapide et efficace pour minimiser les d\u00e9g\u00e2ts. Le leader, lui, va chercher \u00e0 comprendre comment transformer cette crise en opportunit\u00e9 de changement positif.<\/p>\n<p>\u27a1\ufe0f <strong>Moralit\u00e9 ?<\/strong> Un manager assure la stabilit\u00e9, un leader pousse vers l&rsquo;innovation.<\/p>\n<div>\n<hr \/>\n<\/div>\n<h2>3. Manager et Leader : Des r\u00f4les incompatibles ?<\/h2>\n<p>Et si on vous disait qu\u2019un bon manager devrait aussi savoir \u00eatre un leader, et qu\u2019un leader ne peut pas ignorer les comp\u00e9tences manag\u00e9riales ?<\/p>\n<p>\ud83d\udccc <strong>Exemple concret<\/strong> :<\/p>\n<ul data-spread=\"false\">\n<li>Un <strong>chef de projet IT<\/strong> doit structurer ses \u00e9quipes et respecter les d\u00e9lais (manager), mais aussi inspirer son \u00e9quipe pour innover et s\u2019adapter aux nouvelles tendances technologiques (leader).<\/li>\n<li>Un <strong>CEO visionnaire<\/strong> doit penser \u00e0 l\u2019avenir (leader), mais aussi ma\u00eetriser la gestion quotidienne pour que son entreprise ne se transforme pas en champ de bataille (manager).<\/li>\n<\/ul>\n<p>\u27a1\ufe0f <strong>Un bon \u00e9quilibre entre management et leadership fait toute la diff\u00e9rence !<\/strong><\/p>\n<div>\n<hr \/>\n<\/div>\n<h2>4. Comment former ses \u00e9quipes pour d\u00e9velopper ces comp\u00e9tences ?<\/h2>\n<p>Une formation efficace doit permettre de d\u00e9velopper les deux volets : la rigueur du manager et la vision du leader.<\/p>\n<p>\ud83d\udccc <strong>Pour aller plus loin sur ce sujet, d\u00e9couvrez notre ressource d\u00e9di\u00e9e :<\/strong> <a href=\"https:\/\/simpleservicerh.ch\/?page_id=1162\">Liste des formations<\/a><\/p>\n<p>\u27a1\ufe0f Un bon mix entre formation et exp\u00e9rience terrain est la cl\u00e9 pour allier <strong>gestion<\/strong> et <strong>vision<\/strong>.<\/p>\n<div>\n<hr \/>\n<\/div>\n<h2>Conclusion : Manager ou Leader, que choisir ?<\/h2>\n<p>\ud83c\udfaf <strong>L\u2019id\u00e9al est un \u00e9quilibre entre les deux.<\/strong><\/p>\n<p>\u2714\ufe0f Un manager excelle dans la gestion et l\u2019ex\u00e9cution.<\/p>\n<p>\u2714\ufe0f Un leader inspire et donne une direction \u00e0 suivre.<\/p>\n<p>\u2714\ufe0f Une entreprise a besoin des deux pour prosp\u00e9rer.<\/p>\n<p>\ud83d\ude80 Besoin de structurer vos \u00e9quipes pour allier leadership et management ?<\/p>\n<p>\ud83d\udce9 Contactez-nous : <a>yan.grobel@simpleservicerh.ch<\/a><\/p>\n<p>\ud83d\udce2 Suivez Simple Service RH sur LinkedIn : <a href=\"https:\/\/www.linkedin.com\/company\/simple-service-rh\/\">Simple Service RH<\/a><\/p>\n<p>&nbsp;<\/p>\n","protected":false},"excerpt":{"rendered":"<p>\ud83d\udc49 Ou comment ne pas confondre gestion d&rsquo;\u00e9quipe et leadership charismatique Manager ou Leader ? Deux figures incontournables en entreprise qui, bien que souvent confondues, n&rsquo;ont pas les m\u00eames missions, ni les m\u00eames comp\u00e9tences. Mais comment les diff\u00e9rencier ? Et surtout, que peut-on attendre de chacun dans une organisation ? Plongeons dans un match au [&hellip;]<\/p>\n","protected":false},"author":1,"featured_media":0,"comment_status":"open","ping_status":"closed","sticky":false,"template":"","format":"standard","meta":{"_crdt_document":"","om_disable_all_campaigns":false,"_monsterinsights_skip_tracking":false,"_uf_show_specific_survey":0,"_uf_disable_surveys":false,"_jetpack_newsletter_access":"","_jetpack_dont_email_post_to_subs":false,"_jetpack_newsletter_tier_id":0,"_jetpack_memberships_contains_paywalled_content":false,"_jetpack_feature_clip_id":0,"_jetpack_memberships_contains_paid_content":false,"footnotes":"","jetpack_post_was_ever_published":false},"categories":[8],"tags":[],"class_list":["post-1262","post","type-post","status-publish","format-standard","hentry","category-article-rh"],"yoast_head":"<!-- This site is optimized with the Yoast SEO plugin v28.3 - https:\/\/yoast.com\/product\/yoast-seo-wordpress\/ -->\n<title>Les comp\u00e9tences d&#039;un manager vs les comp\u00e9tences d&#039;un leader - ce que l&#039;on peut attendre de chaques r\u00f4les - Simple Service RH<\/title>\n<meta name=\"robots\" content=\"index, follow, max-snippet:-1, max-image-preview:large, max-video-preview:-1\" \/>\n<link rel=\"canonical\" href=\"https:\/\/simpleservicerh.ch\/?p=1262\" \/>\n<meta property=\"og:locale\" content=\"fr_FR\" \/>\n<meta property=\"og:type\" content=\"article\" \/>\n<meta property=\"og:title\" content=\"Les comp\u00e9tences d&#039;un manager vs les comp\u00e9tences d&#039;un leader - ce que l&#039;on peut attendre de chaques r\u00f4les - Simple Service RH\" \/>\n<meta property=\"og:description\" content=\"\ud83d\udc49 Ou comment ne pas confondre gestion d&rsquo;\u00e9quipe et leadership charismatique Manager ou Leader ? Deux figures incontournables en entreprise qui, bien que souvent confondues, n&rsquo;ont pas les m\u00eames missions, ni les m\u00eames comp\u00e9tences. Mais comment les diff\u00e9rencier ? Et surtout, que peut-on attendre de chacun dans une organisation ? Plongeons dans un match au [&hellip;]\" \/>\n<meta property=\"og:url\" content=\"https:\/\/simpleservicerh.ch\/?p=1262\" \/>\n<meta property=\"og:site_name\" content=\"Simple Service RH\" \/>\n<meta property=\"article:published_time\" content=\"2025-03-10T13:27:14+00:00\" \/>\n<meta property=\"article:modified_time\" content=\"2025-04-14T10:05:49+00:00\" \/>\n<meta property=\"og:image\" content=\"https:\/\/simpleservicerh.ch\/wp-content\/uploads\/2024\/10\/DALL\u00b7E-2024-10-11-09.25.07-Create-a-simple-and-professional-logo-icon-without-text-for-a-company-providing-HR-services.-The-icon-should-be-modern-and-minimalist-using-shades-of.webp\" \/>\n\t<meta property=\"og:image:width\" content=\"1024\" \/>\n\t<meta property=\"og:image:height\" content=\"1024\" \/>\n\t<meta property=\"og:image:type\" content=\"image\/webp\" \/>\n<meta name=\"author\" content=\"admin\" \/>\n<meta name=\"twitter:card\" content=\"summary_large_image\" \/>\n<meta name=\"twitter:label1\" content=\"\u00c9crit par\" \/>\n\t<meta name=\"twitter:data1\" content=\"admin\" \/>\n\t<meta name=\"twitter:label2\" content=\"Dur\u00e9e de lecture estim\u00e9e\" \/>\n\t<meta name=\"twitter:data2\" content=\"4 minutes\" \/>\n<script type=\"application\/ld+json\" class=\"yoast-schema-graph\">{\"@context\":\"https:\\\/\\\/schema.org\",\"@graph\":[{\"@type\":\"Article\",\"@id\":\"https:\\\/\\\/simpleservicerh.ch\\\/?p=1262#article\",\"isPartOf\":{\"@id\":\"https:\\\/\\\/simpleservicerh.ch\\\/?p=1262\"},\"author\":{\"name\":\"admin\",\"@id\":\"https:\\\/\\\/simpleservicerh.ch\\\/#\\\/schema\\\/person\\\/fbb0531d6254eed7eea0558b8ec3b847\"},\"headline\":\"Les comp\u00e9tences d&rsquo;un manager vs les comp\u00e9tences d&rsquo;un leader &#8211; ce que l&rsquo;on peut attendre de chaques r\u00f4les\",\"datePublished\":\"2025-03-10T13:27:14+00:00\",\"dateModified\":\"2025-04-14T10:05:49+00:00\",\"mainEntityOfPage\":{\"@id\":\"https:\\\/\\\/simpleservicerh.ch\\\/?p=1262\"},\"wordCount\":648,\"commentCount\":0,\"publisher\":{\"@id\":\"https:\\\/\\\/simpleservicerh.ch\\\/#organization\"},\"articleSection\":[\"Article RH\"],\"inLanguage\":\"fr-FR\",\"potentialAction\":[{\"@type\":\"CommentAction\",\"name\":\"Comment\",\"target\":[\"https:\\\/\\\/simpleservicerh.ch\\\/?p=1262#respond\"]}]},{\"@type\":\"WebPage\",\"@id\":\"https:\\\/\\\/simpleservicerh.ch\\\/?p=1262\",\"url\":\"https:\\\/\\\/simpleservicerh.ch\\\/?p=1262\",\"name\":\"Les comp\u00e9tences d'un manager vs les comp\u00e9tences d'un leader - ce que l'on peut attendre de chaques r\u00f4les - Simple Service RH\",\"isPartOf\":{\"@id\":\"https:\\\/\\\/simpleservicerh.ch\\\/#website\"},\"datePublished\":\"2025-03-10T13:27:14+00:00\",\"dateModified\":\"2025-04-14T10:05:49+00:00\",\"breadcrumb\":{\"@id\":\"https:\\\/\\\/simpleservicerh.ch\\\/?p=1262#breadcrumb\"},\"inLanguage\":\"fr-FR\",\"potentialAction\":[{\"@type\":\"ReadAction\",\"target\":[\"https:\\\/\\\/simpleservicerh.ch\\\/?p=1262\"]}]},{\"@type\":\"BreadcrumbList\",\"@id\":\"https:\\\/\\\/simpleservicerh.ch\\\/?p=1262#breadcrumb\",\"itemListElement\":[{\"@type\":\"ListItem\",\"position\":1,\"name\":\"Accueil\",\"item\":\"https:\\\/\\\/simpleservicerh.ch\\\/\"},{\"@type\":\"ListItem\",\"position\":2,\"name\":\"Les comp\u00e9tences d&rsquo;un manager vs les comp\u00e9tences d&rsquo;un leader &#8211; ce que l&rsquo;on peut attendre de chaques r\u00f4les\"}]},{\"@type\":\"WebSite\",\"@id\":\"https:\\\/\\\/simpleservicerh.ch\\\/#website\",\"url\":\"https:\\\/\\\/simpleservicerh.ch\\\/\",\"name\":\"Simple Service RH\",\"description\":\"Simplicit\u00e9. Efficacit\u00e9. Proximit\u00e9.\",\"publisher\":{\"@id\":\"https:\\\/\\\/simpleservicerh.ch\\\/#organization\"},\"potentialAction\":[{\"@type\":\"SearchAction\",\"target\":{\"@type\":\"EntryPoint\",\"urlTemplate\":\"https:\\\/\\\/simpleservicerh.ch\\\/?s={search_term_string}\"},\"query-input\":{\"@type\":\"PropertyValueSpecification\",\"valueRequired\":true,\"valueName\":\"search_term_string\"}}],\"inLanguage\":\"fr-FR\"},{\"@type\":\"Organization\",\"@id\":\"https:\\\/\\\/simpleservicerh.ch\\\/#organization\",\"name\":\"Simple Service RH\",\"url\":\"https:\\\/\\\/simpleservicerh.ch\\\/\",\"logo\":{\"@type\":\"ImageObject\",\"inLanguage\":\"fr-FR\",\"@id\":\"https:\\\/\\\/simpleservicerh.ch\\\/#\\\/schema\\\/logo\\\/image\\\/\",\"url\":\"https:\\\/\\\/simpleservicerh.ch\\\/wp-content\\\/uploads\\\/2024\\\/10\\\/DALL\u00b7E-2024-10-11-09.25.07-Create-a-simple-and-professional-logo-icon-without-text-for-a-company-providing-HR-services.-The-icon-should-be-modern-and-minimalist-using-shades-of.webp\",\"contentUrl\":\"https:\\\/\\\/simpleservicerh.ch\\\/wp-content\\\/uploads\\\/2024\\\/10\\\/DALL\u00b7E-2024-10-11-09.25.07-Create-a-simple-and-professional-logo-icon-without-text-for-a-company-providing-HR-services.-The-icon-should-be-modern-and-minimalist-using-shades-of.webp\",\"width\":1024,\"height\":1024,\"caption\":\"Simple Service RH\"},\"image\":{\"@id\":\"https:\\\/\\\/simpleservicerh.ch\\\/#\\\/schema\\\/logo\\\/image\\\/\"},\"sameAs\":[\"https:\\\/\\\/www.linkedin.com\\\/company\\\/simpleservicerh\\\/\"]},{\"@type\":\"Person\",\"@id\":\"https:\\\/\\\/simpleservicerh.ch\\\/#\\\/schema\\\/person\\\/fbb0531d6254eed7eea0558b8ec3b847\",\"name\":\"admin\",\"image\":{\"@type\":\"ImageObject\",\"inLanguage\":\"fr-FR\",\"@id\":\"https:\\\/\\\/secure.gravatar.com\\\/avatar\\\/546cb87a3b903ec2c90c493a8a3d6fd587e5aa5204f6137531d1603967cd8db8?s=96&d=mm&r=g\",\"url\":\"https:\\\/\\\/secure.gravatar.com\\\/avatar\\\/546cb87a3b903ec2c90c493a8a3d6fd587e5aa5204f6137531d1603967cd8db8?s=96&d=mm&r=g\",\"contentUrl\":\"https:\\\/\\\/secure.gravatar.com\\\/avatar\\\/546cb87a3b903ec2c90c493a8a3d6fd587e5aa5204f6137531d1603967cd8db8?s=96&d=mm&r=g\",\"caption\":\"admin\"},\"sameAs\":[\"https:\\\/\\\/simpleservicerh.ch\"],\"url\":\"https:\\\/\\\/simpleservicerh.ch\\\/?author=1\"}]}<\/script>\n<!-- \/ Yoast SEO plugin. -->","yoast_head_json":{"title":"Les comp\u00e9tences d'un manager vs les comp\u00e9tences d'un leader - ce que l'on peut attendre de chaques r\u00f4les - Simple Service RH","robots":{"index":"index","follow":"follow","max-snippet":"max-snippet:-1","max-image-preview":"max-image-preview:large","max-video-preview":"max-video-preview:-1"},"canonical":"https:\/\/simpleservicerh.ch\/?p=1262","og_locale":"fr_FR","og_type":"article","og_title":"Les comp\u00e9tences d'un manager vs les comp\u00e9tences d'un leader - ce que l'on peut attendre de chaques r\u00f4les - Simple Service RH","og_description":"\ud83d\udc49 Ou comment ne pas confondre gestion d&rsquo;\u00e9quipe et leadership charismatique Manager ou Leader ? Deux figures incontournables en entreprise qui, bien que souvent confondues, n&rsquo;ont pas les m\u00eames missions, ni les m\u00eames comp\u00e9tences. Mais comment les diff\u00e9rencier ? Et surtout, que peut-on attendre de chacun dans une organisation ? Plongeons dans un match au [&hellip;]","og_url":"https:\/\/simpleservicerh.ch\/?p=1262","og_site_name":"Simple Service RH","article_published_time":"2025-03-10T13:27:14+00:00","article_modified_time":"2025-04-14T10:05:49+00:00","og_image":[{"width":1024,"height":1024,"url":"https:\/\/simpleservicerh.ch\/wp-content\/uploads\/2024\/10\/DALL\u00b7E-2024-10-11-09.25.07-Create-a-simple-and-professional-logo-icon-without-text-for-a-company-providing-HR-services.-The-icon-should-be-modern-and-minimalist-using-shades-of.webp","type":"image\/webp"}],"author":"admin","twitter_card":"summary_large_image","twitter_misc":{"\u00c9crit par":"admin","Dur\u00e9e de lecture estim\u00e9e":"4 minutes"},"schema":{"@context":"https:\/\/schema.org","@graph":[{"@type":"Article","@id":"https:\/\/simpleservicerh.ch\/?p=1262#article","isPartOf":{"@id":"https:\/\/simpleservicerh.ch\/?p=1262"},"author":{"name":"admin","@id":"https:\/\/simpleservicerh.ch\/#\/schema\/person\/fbb0531d6254eed7eea0558b8ec3b847"},"headline":"Les comp\u00e9tences d&rsquo;un manager vs les comp\u00e9tences d&rsquo;un leader &#8211; ce que l&rsquo;on peut attendre de chaques r\u00f4les","datePublished":"2025-03-10T13:27:14+00:00","dateModified":"2025-04-14T10:05:49+00:00","mainEntityOfPage":{"@id":"https:\/\/simpleservicerh.ch\/?p=1262"},"wordCount":648,"commentCount":0,"publisher":{"@id":"https:\/\/simpleservicerh.ch\/#organization"},"articleSection":["Article RH"],"inLanguage":"fr-FR","potentialAction":[{"@type":"CommentAction","name":"Comment","target":["https:\/\/simpleservicerh.ch\/?p=1262#respond"]}]},{"@type":"WebPage","@id":"https:\/\/simpleservicerh.ch\/?p=1262","url":"https:\/\/simpleservicerh.ch\/?p=1262","name":"Les comp\u00e9tences d'un manager vs les comp\u00e9tences d'un leader - ce que l'on peut attendre de chaques r\u00f4les - Simple Service RH","isPartOf":{"@id":"https:\/\/simpleservicerh.ch\/#website"},"datePublished":"2025-03-10T13:27:14+00:00","dateModified":"2025-04-14T10:05:49+00:00","breadcrumb":{"@id":"https:\/\/simpleservicerh.ch\/?p=1262#breadcrumb"},"inLanguage":"fr-FR","potentialAction":[{"@type":"ReadAction","target":["https:\/\/simpleservicerh.ch\/?p=1262"]}]},{"@type":"BreadcrumbList","@id":"https:\/\/simpleservicerh.ch\/?p=1262#breadcrumb","itemListElement":[{"@type":"ListItem","position":1,"name":"Accueil","item":"https:\/\/simpleservicerh.ch\/"},{"@type":"ListItem","position":2,"name":"Les comp\u00e9tences d&rsquo;un manager vs les comp\u00e9tences d&rsquo;un leader &#8211; ce que l&rsquo;on peut attendre de chaques r\u00f4les"}]},{"@type":"WebSite","@id":"https:\/\/simpleservicerh.ch\/#website","url":"https:\/\/simpleservicerh.ch\/","name":"Simple Service RH","description":"Simplicit\u00e9. Efficacit\u00e9. Proximit\u00e9.","publisher":{"@id":"https:\/\/simpleservicerh.ch\/#organization"},"potentialAction":[{"@type":"SearchAction","target":{"@type":"EntryPoint","urlTemplate":"https:\/\/simpleservicerh.ch\/?s={search_term_string}"},"query-input":{"@type":"PropertyValueSpecification","valueRequired":true,"valueName":"search_term_string"}}],"inLanguage":"fr-FR"},{"@type":"Organization","@id":"https:\/\/simpleservicerh.ch\/#organization","name":"Simple Service RH","url":"https:\/\/simpleservicerh.ch\/","logo":{"@type":"ImageObject","inLanguage":"fr-FR","@id":"https:\/\/simpleservicerh.ch\/#\/schema\/logo\/image\/","url":"https:\/\/simpleservicerh.ch\/wp-content\/uploads\/2024\/10\/DALL\u00b7E-2024-10-11-09.25.07-Create-a-simple-and-professional-logo-icon-without-text-for-a-company-providing-HR-services.-The-icon-should-be-modern-and-minimalist-using-shades-of.webp","contentUrl":"https:\/\/simpleservicerh.ch\/wp-content\/uploads\/2024\/10\/DALL\u00b7E-2024-10-11-09.25.07-Create-a-simple-and-professional-logo-icon-without-text-for-a-company-providing-HR-services.-The-icon-should-be-modern-and-minimalist-using-shades-of.webp","width":1024,"height":1024,"caption":"Simple Service RH"},"image":{"@id":"https:\/\/simpleservicerh.ch\/#\/schema\/logo\/image\/"},"sameAs":["https:\/\/www.linkedin.com\/company\/simpleservicerh\/"]},{"@type":"Person","@id":"https:\/\/simpleservicerh.ch\/#\/schema\/person\/fbb0531d6254eed7eea0558b8ec3b847","name":"admin","image":{"@type":"ImageObject","inLanguage":"fr-FR","@id":"https:\/\/secure.gravatar.com\/avatar\/546cb87a3b903ec2c90c493a8a3d6fd587e5aa5204f6137531d1603967cd8db8?s=96&d=mm&r=g","url":"https:\/\/secure.gravatar.com\/avatar\/546cb87a3b903ec2c90c493a8a3d6fd587e5aa5204f6137531d1603967cd8db8?s=96&d=mm&r=g","contentUrl":"https:\/\/secure.gravatar.com\/avatar\/546cb87a3b903ec2c90c493a8a3d6fd587e5aa5204f6137531d1603967cd8db8?s=96&d=mm&r=g","caption":"admin"},"sameAs":["https:\/\/simpleservicerh.ch"],"url":"https:\/\/simpleservicerh.ch\/?author=1"}]}},"jetpack_sharing_enabled":true,"jetpack_featured_media_url":"","_links":{"self":[{"href":"https:\/\/simpleservicerh.ch\/index.php?rest_route=\/wp\/v2\/posts\/1262","targetHints":{"allow":["GET"]}}],"collection":[{"href":"https:\/\/simpleservicerh.ch\/index.php?rest_route=\/wp\/v2\/posts"}],"about":[{"href":"https:\/\/simpleservicerh.ch\/index.php?rest_route=\/wp\/v2\/types\/post"}],"author":[{"embeddable":true,"href":"https:\/\/simpleservicerh.ch\/index.php?rest_route=\/wp\/v2\/users\/1"}],"replies":[{"embeddable":true,"href":"https:\/\/simpleservicerh.ch\/index.php?rest_route=%2Fwp%2Fv2%2Fcomments&post=1262"}],"version-history":[{"count":2,"href":"https:\/\/simpleservicerh.ch\/index.php?rest_route=\/wp\/v2\/posts\/1262\/revisions"}],"predecessor-version":[{"id":1264,"href":"https:\/\/simpleservicerh.ch\/index.php?rest_route=\/wp\/v2\/posts\/1262\/revisions\/1264"}],"wp:attachment":[{"href":"https:\/\/simpleservicerh.ch\/index.php?rest_route=%2Fwp%2Fv2%2Fmedia&parent=1262"}],"wp:term":[{"taxonomy":"category","embeddable":true,"href":"https:\/\/simpleservicerh.ch\/index.php?rest_route=%2Fwp%2Fv2%2Fcategories&post=1262"},{"taxonomy":"post_tag","embeddable":true,"href":"https:\/\/simpleservicerh.ch\/index.php?rest_route=%2Fwp%2Fv2%2Ftags&post=1262"}],"curies":[{"name":"wp","href":"https:\/\/api.w.org\/{rel}","templated":true}]}}